{"id":665,"date":"2020-10-04T17:17:48","date_gmt":"2020-10-04T15:17:48","guid":{"rendered":"http:\/\/somanimaanimal.org\/es\/?p=665"},"modified":"2020-10-04T17:17:49","modified_gmt":"2020-10-04T15:17:49","slug":"21-dias-veganos-2a-edicion","status":"publish","type":"post","link":"https:\/\/somanimaanimal.org\/es\/2020\/10\/04\/21-dias-veganos-2a-edicion\/","title":{"rendered":"21 d\u00edas veganos &#8211; 2a edici\u00f3n"},"content":{"rendered":"\n<figure class=\"wp-block-image size-large\"><img loading=\"lazy\" decoding=\"async\" width=\"1024\" height=\"1024\" src=\"https:\/\/somanimaanimal.org\/es\/wp-content\/uploads\/sites\/2\/2020\/10\/21-dias-veganos-1024x1024.jpg\" alt=\"\" class=\"wp-image-666\" srcset=\"https:\/\/somanimaanimal.org\/es\/wp-content\/uploads\/sites\/2\/2020\/10\/21-dias-veganos-1024x1024.jpg 1024w, https:\/\/somanimaanimal.org\/es\/wp-content\/uploads\/sites\/2\/2020\/10\/21-dias-veganos-300x300.jpg 300w, https:\/\/somanimaanimal.org\/es\/wp-content\/uploads\/sites\/2\/2020\/10\/21-dias-veganos-150x150.jpg 150w, https:\/\/somanimaanimal.org\/es\/wp-content\/uploads\/sites\/2\/2020\/10\/21-dias-veganos-768x768.jpg 768w, https:\/\/somanimaanimal.org\/es\/wp-content\/uploads\/sites\/2\/2020\/10\/21-dias-veganos.jpg 1080w\" sizes=\"auto, (max-width: 1024px) 100vw, 1024px\" \/><\/figure>\n\n\n\n<p>\u00a1Llega la 2\u00aa edici\u00f3n de los <strong>21 D\u00edas Veganos \u00e0nimaL<\/strong>! Tras el \u00e9xito de la primera edici\u00f3n, con m\u00e1s de 100 inscritas, volvemos a poner en marcha esta iniciativa con tanta demanda. Esta vez, en un formato de grupo m\u00e1s reducido y con contenido m\u00e1s amplio.<\/p>\n\n\n\n<!--more-->\n\n\n\n<p>\u00bfHace tiempo que te planteas un paso hacia el veganismo y no encuentras el momento? \u00bfNo sabr\u00edas qu\u00e9 comprar, d\u00f3nde encontrarlo o qu\u00e9 cocinar? \u00bfTe ir\u00eda bien hacer el paso con el apoyo de un grupo en una situaci\u00f3n parecida a la tuya? \u00bfQuisieras contar con gente que ya es vegana desde hace tiempo para que te dieran una mano? <strong>\u00bfY si fuera gratis?<\/strong><\/p>\n\n\n\n<p>\u00a1Ha llegado el momento! <strong>\u00a1Ap\u00fantate al reto 21 d\u00edas veganos \u00e0nimaL!<\/strong><\/p>\n\n\n\n<p>Abriremos grupo el d\u00eda 15 y empezaremos el 18 de octubre.<\/p>\n\n\n\n<p>\u00bfTe animas? \u00a1Contamos contigo! Escr\u00edbenos a <a href=\"mailto:somanimaanimal@gmail.com\">somanimaanimal@gmail.com<\/a> para poder acceder.<\/p>\n\n\n\n<p>\u00a1Venga que lo pasaremos genial! Cualquier duda nos dices;)<\/p>\n","protected":false},"excerpt":{"rendered":"<p>\u00a1Llega la 2\u00aa edici\u00f3n de los 21 D\u00edas Veganos \u00e0nimaL! Tras el \u00e9xito de la primera edici\u00f3n, con m\u00e1s de 100 inscritas, volvemos a poner en marcha esta iniciativa con tanta demanda. Esta vez, en un formato de grupo m\u00e1s reducido y con contenido m\u00e1s amplio.<\/p>\n","protected":false},"author":1,"featured_media":0,"comment_status":"closed","ping_status":"closed","sticky":false,"template":"","format":"standard","meta":{"footnotes":""},"categories":[1],"tags":[],"class_list":["post-665","post","type-post","status-publish","format-standard","hentry","category-sin-categoria"],"_links":{"self":[{"href":"https:\/\/somanimaanimal.org\/es\/wp-json\/wp\/v2\/posts\/665","targetHints":{"allow":["GET"]}}],"collection":[{"href":"https:\/\/somanimaanimal.org\/es\/wp-json\/wp\/v2\/posts"}],"about":[{"href":"https:\/\/somanimaanimal.org\/es\/wp-json\/wp\/v2\/types\/post"}],"author":[{"embeddable":true,"href":"https:\/\/somanimaanimal.org\/es\/wp-json\/wp\/v2\/users\/1"}],"replies":[{"embeddable":true,"href":"https:\/\/somanimaanimal.org\/es\/wp-json\/wp\/v2\/comments?post=665"}],"version-history":[{"count":1,"href":"https:\/\/somanimaanimal.org\/es\/wp-json\/wp\/v2\/posts\/665\/revisions"}],"predecessor-version":[{"id":667,"href":"https:\/\/somanimaanimal.org\/es\/wp-json\/wp\/v2\/posts\/665\/revisions\/667"}],"wp:attachment":[{"href":"https:\/\/somanimaanimal.org\/es\/wp-json\/wp\/v2\/media?parent=665"}],"wp:term":[{"taxonomy":"category","embeddable":true,"href":"https:\/\/somanimaanimal.org\/es\/wp-json\/wp\/v2\/categories?post=665"},{"taxonomy":"post_tag","embeddable":true,"href":"https:\/\/somanimaanimal.org\/es\/wp-json\/wp\/v2\/tags?post=665"}],"curies":[{"name":"wp","href":"https:\/\/api.w.org\/{rel}","templated":true}]}}