{"id":112,"date":"2018-11-07T23:43:32","date_gmt":"2018-11-07T22:43:32","guid":{"rendered":"https:\/\/somanimaanimal.wordpress.com\/?p=112"},"modified":"2020-05-16T18:41:06","modified_gmt":"2020-05-16T16:41:06","slug":"dia-mundial-del-cube-of-truth","status":"publish","type":"post","link":"https:\/\/somanimaanimal.org\/es\/2018\/11\/07\/dia-mundial-del-cube-of-truth\/","title":{"rendered":"D\u00eda mundial del Cube of Truth"},"content":{"rendered":"\n<p>S\u00e1bado 3 de noviembre de 2018. D\u00eda mundial del Cubo de la Verdad (Cube of Truth, <a href=\"https:\/\/www.anonymousforthevoiceless.org\/\" target=\"_blank\" rel=\"noopener noreferrer\">Anonymous for the Voiceless<\/a>). M\u00e1s de 500 ciudades participaron de esta acci\u00f3n informativa y de concienciaci\u00f3n sobre la terrible verdad que hay detr\u00e1s de la industria que acumula enormes ganancias econ\u00f3micas con la explotaci\u00f3n y asesinato de miles de animales inocentes. Una industria que se encuentra por todo el planeta y que es una de las mayores causantes de su deterioro y del cambio clim\u00e1tico, as\u00ed como de desigualdades y de la falta de salud de las personas que consumen sus \u00abproductos\u00bb.<\/p>\n\n\n\n<!--more-->\n\n\n\n<p>El grupo AV de la ciudad de Matar\u00f3, que hab\u00eda estado \u00abaparcado\u00bb durante unos meses, volv\u00eda a la acci\u00f3n delante del ayuntamiento con un equipo coordinador renovado. Algunos activistas eran experimentados, otros se estrenaban y todos juntos sum\u00e1bamos esfuerzos para hacer ver, escuchar y entender la realidad a las personas que todav\u00eda hoy ven como normal, necesario y correcto el asesinato, explotaci\u00f3n y uso de animales que quieren ser libres y no convertidos en ropa, objetos, entretenimiento o comida.<\/p>\n\n\n\n<p>La jornada, que dur\u00f3 de 5 a 8 de la tarde, fue muy bien. Con una participaci\u00f3n de unas 16 activistas, fueron 58 las personas que se fueron con informaci\u00f3n e inquietudes por cambiar.&nbsp;\u00a1Muchas gracias a todas las que vinisteis!<\/p>\n\n\n\n<p>Seguiremos luchando y ayudando a todas aquellas personas que abran los ojos y quieran formar parte del cambio, porque es urgente, necesario y de justicia.<\/p>\n\n\n\n<p>Si tienes alguna consulta o quieres colaborar en los pr\u00f3ximos Cube of Truth, contacta a <span style=\"text-decoration: underline;\">avmataro@gmail.com<\/span> o escribe al grupo de Anonymous for the Voiceless en Matar\u00f3 en el&nbsp;<a href=\"https:\/\/www.facebook.com\/groups\/1661944697202557\/\">Facebook<\/a>&nbsp;oficial.<\/p>\n\n\n\n<p>El pr\u00f3ximo Cube of Truth tendr\u00e1 lugar el d\u00eda 15 de diciembre en la Plaza Santa Anna de Matar\u00f3, a partir de las 17h. \u00a1La gente de <em>\u00e0nimaL<\/em> no nos lo perderemos! \u00a1\u00a1All\u00ed os esperamos!!<\/p>\n\n\n\n<p><em>Algunas fotos del evento<\/em>:<\/p>\n\n\n\n<figure class=\"wp-block-image\"><img loading=\"lazy\" decoding=\"async\" width=\"1200\" height=\"1074\" src=\"http:\/\/somanimaanimal.org\/es\/wp-content\/uploads\/sites\/2\/2018\/11\/foto1-av-e1541634157987.jpg\" alt=\"Foto1 av\" class=\"wp-image-113\" srcset=\"https:\/\/somanimaanimal.org\/es\/wp-content\/uploads\/sites\/2\/2018\/11\/foto1-av-e1541634157987.jpg 1200w, https:\/\/somanimaanimal.org\/es\/wp-content\/uploads\/sites\/2\/2018\/11\/foto1-av-e1541634157987-300x269.jpg 300w, https:\/\/somanimaanimal.org\/es\/wp-content\/uploads\/sites\/2\/2018\/11\/foto1-av-e1541634157987-768x687.jpg 768w, https:\/\/somanimaanimal.org\/es\/wp-content\/uploads\/sites\/2\/2018\/11\/foto1-av-e1541634157987-1024x916.jpg 1024w\" sizes=\"auto, (max-width: 1200px) 100vw, 1200px\" \/><\/figure>\n\n\n\n<figure class=\"wp-block-image\"><img loading=\"lazy\" decoding=\"async\" width=\"1200\" height=\"1600\" src=\"http:\/\/somanimaanimal.org\/es\/wp-content\/uploads\/sites\/2\/2018\/11\/foto2-av.jpg\" alt=\"Foto2 av\" class=\"wp-image-114\" srcset=\"https:\/\/somanimaanimal.org\/es\/wp-content\/uploads\/sites\/2\/2018\/11\/foto2-av.jpg 1200w, https:\/\/somanimaanimal.org\/es\/wp-content\/uploads\/sites\/2\/2018\/11\/foto2-av-225x300.jpg 225w, https:\/\/somanimaanimal.org\/es\/wp-content\/uploads\/sites\/2\/2018\/11\/foto2-av-768x1024.jpg 768w\" sizes=\"auto, (max-width: 1200px) 100vw, 1200px\" \/><\/figure>\n\n\n\n<figure class=\"wp-block-image\"><img loading=\"lazy\" decoding=\"async\" width=\"1600\" height=\"1200\" src=\"http:\/\/somanimaanimal.org\/es\/wp-content\/uploads\/sites\/2\/2018\/11\/foto3-av.jpg\" alt=\"Foto3 av\" class=\"wp-image-115\" srcset=\"https:\/\/somanimaanimal.org\/es\/wp-content\/uploads\/sites\/2\/2018\/11\/foto3-av.jpg 1600w, https:\/\/somanimaanimal.org\/es\/wp-content\/uploads\/sites\/2\/2018\/11\/foto3-av-300x225.jpg 300w, https:\/\/somanimaanimal.org\/es\/wp-content\/uploads\/sites\/2\/2018\/11\/foto3-av-768x576.jpg 768w, https:\/\/somanimaanimal.org\/es\/wp-content\/uploads\/sites\/2\/2018\/11\/foto3-av-1024x768.jpg 1024w, https:\/\/somanimaanimal.org\/es\/wp-content\/uploads\/sites\/2\/2018\/11\/foto3-av-1568x1176.jpg 1568w\" sizes=\"auto, (max-width: 1600px) 100vw, 1600px\" \/><\/figure>\n\n\n\n<figure class=\"wp-block-image\"><img loading=\"lazy\" decoding=\"async\" width=\"1200\" height=\"1600\" src=\"http:\/\/somanimaanimal.org\/es\/wp-content\/uploads\/sites\/2\/2018\/11\/foto4-av.jpg\" alt=\"Foto4 av\" class=\"wp-image-116\" srcset=\"https:\/\/somanimaanimal.org\/es\/wp-content\/uploads\/sites\/2\/2018\/11\/foto4-av.jpg 1200w, https:\/\/somanimaanimal.org\/es\/wp-content\/uploads\/sites\/2\/2018\/11\/foto4-av-225x300.jpg 225w, https:\/\/somanimaanimal.org\/es\/wp-content\/uploads\/sites\/2\/2018\/11\/foto4-av-768x1024.jpg 768w\" sizes=\"auto, (max-width: 1200px) 100vw, 1200px\" \/><\/figure>\n\n\n\n<p><em>Targetes informatives\/Tarjetas informativas<\/em>:<\/p>\n\n\n\n<figure class=\"wp-block-gallery columns-3 is-cropped wp-block-gallery-1 is-layout-flex wp-block-gallery-is-layout-flex\"><ul class=\"blocks-gallery-grid\"><li class=\"blocks-gallery-item\"><figure><img loading=\"lazy\" decoding=\"async\" width=\"1343\" height=\"911\" src=\"https:\/\/somanimaanimal.org\/es\/wp-content\/uploads\/sites\/2\/2018\/11\/foto5-av.jpg\" alt=\"\" data-id=\"117\" class=\"wp-image-117\" srcset=\"https:\/\/somanimaanimal.org\/es\/wp-content\/uploads\/sites\/2\/2018\/11\/foto5-av.jpg 1343w, https:\/\/somanimaanimal.org\/es\/wp-content\/uploads\/sites\/2\/2018\/11\/foto5-av-300x203.jpg 300w, https:\/\/somanimaanimal.org\/es\/wp-content\/uploads\/sites\/2\/2018\/11\/foto5-av-768x521.jpg 768w, https:\/\/somanimaanimal.org\/es\/wp-content\/uploads\/sites\/2\/2018\/11\/foto5-av-1024x695.jpg 1024w\" sizes=\"auto, (max-width: 1343px) 100vw, 1343px\" \/><\/figure><\/li><li class=\"blocks-gallery-item\"><figure><img loading=\"lazy\" decoding=\"async\" width=\"1334\" height=\"886\" src=\"https:\/\/somanimaanimal.org\/es\/wp-content\/uploads\/sites\/2\/2018\/11\/foto6-av.jpg\" alt=\"\" data-id=\"118\" class=\"wp-image-118\" srcset=\"https:\/\/somanimaanimal.org\/es\/wp-content\/uploads\/sites\/2\/2018\/11\/foto6-av.jpg 1334w, https:\/\/somanimaanimal.org\/es\/wp-content\/uploads\/sites\/2\/2018\/11\/foto6-av-300x199.jpg 300w, https:\/\/somanimaanimal.org\/es\/wp-content\/uploads\/sites\/2\/2018\/11\/foto6-av-768x510.jpg 768w, https:\/\/somanimaanimal.org\/es\/wp-content\/uploads\/sites\/2\/2018\/11\/foto6-av-1024x680.jpg 1024w\" sizes=\"auto, (max-width: 1334px) 100vw, 1334px\" \/><\/figure><\/li><\/ul><\/figure>\n","protected":false},"excerpt":{"rendered":"<p>S\u00e1bado 3 de noviembre de 2018. D\u00eda mundial del Cubo de la Verdad (Cube of Truth, Anonymous for the Voiceless). M\u00e1s de 500 ciudades participaron de esta acci\u00f3n informativa y de concienciaci\u00f3n sobre la terrible verdad que hay detr\u00e1s de la industria que acumula enormes ganancias econ\u00f3micas con la explotaci\u00f3n y asesinato de miles de &hellip; <a href=\"https:\/\/somanimaanimal.org\/es\/2018\/11\/07\/dia-mundial-del-cube-of-truth\/\" class=\"more-link\">Seguir leyendo <span class=\"screen-reader-text\">D\u00eda mundial del Cube of Truth<\/span> <span class=\"meta-nav\">&rarr;<\/span><\/a><\/p>\n","protected":false},"author":4,"featured_media":113,"comment_status":"closed","ping_status":"closed","sticky":false,"template":"","format":"standard","meta":{"footnotes":""},"categories":[5],"tags":[8,11,18,19,22,24,27],"class_list":["post-112","post","type-post","status-publish","format-standard","has-post-thumbnail","hentry","category-noticias","tag-activismo","tag-av","tag-cronicas","tag-cubeoftruth","tag-eventos","tag-fotos","tag-informacion"],"_links":{"self":[{"href":"https:\/\/somanimaanimal.org\/es\/wp-json\/wp\/v2\/posts\/112","targetHints":{"allow":["GET"]}}],"collection":[{"href":"https:\/\/somanimaanimal.org\/es\/wp-json\/wp\/v2\/posts"}],"about":[{"href":"https:\/\/somanimaanimal.org\/es\/wp-json\/wp\/v2\/types\/post"}],"author":[{"embeddable":true,"href":"https:\/\/somanimaanimal.org\/es\/wp-json\/wp\/v2\/users\/4"}],"replies":[{"embeddable":true,"href":"https:\/\/somanimaanimal.org\/es\/wp-json\/wp\/v2\/comments?post=112"}],"version-history":[{"count":2,"href":"https:\/\/somanimaanimal.org\/es\/wp-json\/wp\/v2\/posts\/112\/revisions"}],"predecessor-version":[{"id":562,"href":"https:\/\/somanimaanimal.org\/es\/wp-json\/wp\/v2\/posts\/112\/revisions\/562"}],"wp:featuredmedia":[{"embeddable":true,"href":"https:\/\/somanimaanimal.org\/es\/wp-json\/wp\/v2\/media\/113"}],"wp:attachment":[{"href":"https:\/\/somanimaanimal.org\/es\/wp-json\/wp\/v2\/media?parent=112"}],"wp:term":[{"taxonomy":"category","embeddable":true,"href":"https:\/\/somanimaanimal.org\/es\/wp-json\/wp\/v2\/categories?post=112"},{"taxonomy":"post_tag","embeddable":true,"href":"https:\/\/somanimaanimal.org\/es\/wp-json\/wp\/v2\/tags?post=112"}],"curies":[{"name":"wp","href":"https:\/\/api.w.org\/{rel}","templated":true}]}}