{"id":653,"date":"2020-05-04T16:41:52","date_gmt":"2020-05-04T14:41:52","guid":{"rendered":"http:\/\/somanimaanimal.org\/cat\/?p=653"},"modified":"2020-05-16T17:34:14","modified_gmt":"2020-05-16T15:34:14","slug":"xerrada-els-efectes-ambientals-de-la-ramaderia-intensiva","status":"publish","type":"post","link":"https:\/\/somanimaanimal.org\/cat\/2020\/05\/04\/xerrada-els-efectes-ambientals-de-la-ramaderia-intensiva\/","title":{"rendered":"Xerrada: Els efectes ambientals de la ramaderia intensiva"},"content":{"rendered":"\n<figure class=\"wp-block-image size-large\"><img loading=\"lazy\" decoding=\"async\" width=\"1024\" height=\"1024\" src=\"https:\/\/somanimaanimal.org\/cat\/wp-content\/uploads\/sites\/4\/2020\/05\/Xerrada-Cristian-8maig-3-1024x1024.png\" alt=\"\" class=\"wp-image-654\" srcset=\"https:\/\/somanimaanimal.org\/cat\/wp-content\/uploads\/sites\/4\/2020\/05\/Xerrada-Cristian-8maig-3-1024x1024.png 1024w, https:\/\/somanimaanimal.org\/cat\/wp-content\/uploads\/sites\/4\/2020\/05\/Xerrada-Cristian-8maig-3-300x300.png 300w, https:\/\/somanimaanimal.org\/cat\/wp-content\/uploads\/sites\/4\/2020\/05\/Xerrada-Cristian-8maig-3-150x150.png 150w, https:\/\/somanimaanimal.org\/cat\/wp-content\/uploads\/sites\/4\/2020\/05\/Xerrada-Cristian-8maig-3-768x768.png 768w, https:\/\/somanimaanimal.org\/cat\/wp-content\/uploads\/sites\/4\/2020\/05\/Xerrada-Cristian-8maig-3.png 1080w\" sizes=\"auto, (max-width: 1024px) 100vw, 1024px\" \/><\/figure>\n\n\n\n<p>Qu\u00e8 fas la tarda de divendres? Agafa l&#8217;agenda perqu\u00e8 t&#8217;explicarem els efectes ambientals que t\u00e9 la ramaderia intensiva en 35-40 minuts!\u00a0Ser\u00e0 al nostre perfil de <a rel=\"noreferrer noopener\" href=\"https:\/\/www.facebook.com\/somanimaanimaL\" target=\"_blank\">facebook<\/a>, en directe, <strong>divendres 8 de maig a les 18:30h<\/strong>.<\/p>\n\n\n\n<!--more-->\n\n\n\n<p>Saps quin tipus de contaminaci\u00f3 i quins impactes t\u00e9 fer servir animals per a consum hum\u00e0? Quina \u00e9s la nostra responsabilitat en tot aix\u00f2? Has sentit a parlar de la paradoxa sorites?<\/p>\n\n\n\n<p>Divendres s&#8217;acaben els teus dubtes, gr\u00e0cies a en <strong>Cristian Moyano<\/strong>. Ell \u00e9s membre d&#8217;\u00e0nimaL, investigador doctorand a l&#8217;Institut de Ci\u00e8ncia i Tecnologia Ambientals (ICTA), docent investigador al Departament de Filosofia de la Universitat Aut\u00f2noma de Barcelona (UAB) i vicepresident de la Red de Transici\u00f3n.<\/p>\n\n\n\n<p>No t&#8217;ho perdis! Podr\u00e0s fer preguntes i descobrir\u00e0s quins s\u00f3n els efectes que comprar i menjar carn t\u00e9 per al planeta i els \u00e9ssers que hi vivim.<\/p>\n","protected":false},"excerpt":{"rendered":"<p>Qu\u00e8 fas la tarda de divendres? Agafa l&#8217;agenda perqu\u00e8 t&#8217;explicarem els efectes ambientals que t\u00e9 la ramaderia intensiva en 35-40 minuts!\u00a0Ser\u00e0 al nostre perfil de facebook, en directe, divendres 8 de maig a les 18:30h.<\/p>\n","protected":false},"author":1,"featured_media":0,"comment_status":"closed","ping_status":"closed","sticky":false,"template":"","format":"standard","meta":{"footnotes":""},"categories":[1],"tags":[],"class_list":["post-653","post","type-post","status-publish","format-standard","hentry","category-general"],"_links":{"self":[{"href":"https:\/\/somanimaanimal.org\/cat\/wp-json\/wp\/v2\/posts\/653","targetHints":{"allow":["GET"]}}],"collection":[{"href":"https:\/\/somanimaanimal.org\/cat\/wp-json\/wp\/v2\/posts"}],"about":[{"href":"https:\/\/somanimaanimal.org\/cat\/wp-json\/wp\/v2\/types\/post"}],"author":[{"embeddable":true,"href":"https:\/\/somanimaanimal.org\/cat\/wp-json\/wp\/v2\/users\/1"}],"replies":[{"embeddable":true,"href":"https:\/\/somanimaanimal.org\/cat\/wp-json\/wp\/v2\/comments?post=653"}],"version-history":[{"count":4,"href":"https:\/\/somanimaanimal.org\/cat\/wp-json\/wp\/v2\/posts\/653\/revisions"}],"predecessor-version":[{"id":673,"href":"https:\/\/somanimaanimal.org\/cat\/wp-json\/wp\/v2\/posts\/653\/revisions\/673"}],"wp:attachment":[{"href":"https:\/\/somanimaanimal.org\/cat\/wp-json\/wp\/v2\/media?parent=653"}],"wp:term":[{"taxonomy":"category","embeddable":true,"href":"https:\/\/somanimaanimal.org\/cat\/wp-json\/wp\/v2\/categories?post=653"},{"taxonomy":"post_tag","embeddable":true,"href":"https:\/\/somanimaanimal.org\/cat\/wp-json\/wp\/v2\/tags?post=653"}],"curies":[{"name":"wp","href":"https:\/\/api.w.org\/{rel}","templated":true}]}}