{"id":1022,"date":"2021-05-09T18:18:43","date_gmt":"2021-05-09T16:18:43","guid":{"rendered":"https:\/\/somanimaanimal.org\/cat\/?p=1022"},"modified":"2021-09-30T12:49:21","modified_gmt":"2021-09-30T10:49:21","slug":"demanem-aturar-les-morts-de-senglars-a-la-ciutat-de-mataro","status":"publish","type":"post","link":"https:\/\/somanimaanimal.org\/cat\/2021\/05\/09\/demanem-aturar-les-morts-de-senglars-a-la-ciutat-de-mataro\/","title":{"rendered":"Demanem aturar les morts de senglars a la ciutat de Matar\u00f3"},"content":{"rendered":"\n<figure class=\"wp-block-image size-large is-resized\"><img loading=\"lazy\" decoding=\"async\" src=\"https:\/\/somanimaanimal.org\/wp-content\/uploads\/2021\/05\/WhatsApp-Image-2021-05-10-at-09.26.50.jpeg\" alt=\"\" width=\"649\" height=\"649\"\/><figcaption>Cr\u00e8dits: @jacksondesign<\/figcaption><\/figure>\n\n\n\n<p class=\"has-text-align-center\"><strong>&#8212;&gt; <a href=\"https:\/\/somanimaanimal.org\/cat\/recollida-de-signatures\/\">Recollida de signatures aqu\u00ed<\/a> &lt;&#8212;<\/strong><\/p>\n\n\n\n<p>A l\u2019associaci\u00f3 <em>\u00e0nimaL<\/em> ens hem assabentat per diferents mitjans que l\u2019Ajuntament de Matar\u00f3 est\u00e0 duent a terme una campanya de captura i mort de senglars amb l\u2019objectiu de reduir les incid\u00e8ncies que \u00faltimament hi ha hagut amb aquests animals. Les incid\u00e8ncies inclouen danys a cultius, accidents de tr\u00e0nsit, conflictes amb gossos i danys a les pistes municipals d\u2019atletisme. Al mateix temps, el col\u00b7lectiu de pagesos ha obtingut perm\u00eds per organitzar batudes de ca\u00e7a i efectuar la seva pr\u00f2pia campanya de captura i mort de senglars.<\/p>\n\n\n\n<p>Tot i que l&#8217;Ajuntament ens ha at\u00e8s amb consideraci\u00f3, sensibilitat i transpar\u00e8ncia ens veiem obligades a mostrar la nostra frontal oposici\u00f3 a la forma com s&#8217;ha gestionat aquest conflicte pels seg\u00fcents motius:<\/p>\n\n\n\n<ul class=\"wp-block-list\"><li>No s\u2019ha efectuat cap quantificaci\u00f3 dels danys produ\u00efts pels senglars ni s&#8217;ha realitzat cap estudi previ de la possible problem\u00e0tica, per\u00f2 s&#8217;han destinat gaireb\u00e9 11.000 euros en contractar una empresa de captura i mort de senglars.<\/li><\/ul>\n\n\n\n<ul class=\"wp-block-list\"><li>L\u2019Ajuntament no ha dedicat cap recurs econ\u00f2mic a m\u00e8todes alternatius i \u00e8tics, tot i que la Llei de Protecci\u00f3 d\u2019Animals de Catalunya (Decret Legislatiu 2\/2008) estableix l&#8217;obligatorietat de les administracions p\u00fabliques a utilitzar m\u00e8todes \u00e8tics de control de poblacions d\u2019animals.<\/li><\/ul>\n\n\n\n<ul class=\"wp-block-list\"><li>L&#8217;evid\u00e8ncia cient\u00edfica mostra que els m\u00e8todes basats en la mort indiscriminada de senglars s\u00f3n del tot ineficients. Les batudes de ca\u00e7a, a m\u00e9s, s\u00f3n inherentment perilloses i provoquen multitud d\u2019accidents.<\/li><\/ul>\n\n\n\n<ul class=\"wp-block-list\"><li>Els porcs senglars s\u00f3n \u00e9ssers sensibles, sociables i amb caracter\u00edstiques individuals \u00faniques. Poden patir dolor, angoixa i por, i poden sentir alegria i benestar; gaudeixen jugant i explorant i se senten a gust amb la companyia dels seus familiars i amics. Mereixen en conseq\u00fc\u00e8ncia el m\u00e0xim respecte per la seva vida i benestar.<\/li><\/ul>\n\n\n\n<p>Per tot aix\u00f2, des de l\u2019associaci\u00f3 <em>\u00e0nimaL<\/em> hem elaborat un informe (que es pot consultar <a href=\"https:\/\/somanimaanimal.org\/wp-content\/uploads\/2021\/05\/Control-de-porcs-senglars-a-Mataro.pdf\">aqu\u00ed<\/a>) i <strong>demanem a l\u2019Ajuntament de Matar\u00f3 que es prenguin les seg\u00fcents mesures<\/strong>:<\/p>\n\n\n\n<ol class=\"wp-block-list\"><li>Aturar de forma immediata la captura i mort de senglars i suspendre els permisos de ca\u00e7a a la ciutat de Matar\u00f3.<\/li><\/ol>\n\n\n\n<ol class=\"wp-block-list\" start=\"2\"><li>Fer una avaluaci\u00f3 rigorosa dels danys econ\u00f2mics i incid\u00e8ncies de seguretat causats pels senglars que permeti establir la idone\u00eftat de prendre mesures.<\/li><\/ol>\n\n\n\n<ol class=\"wp-block-list\" start=\"3\"><li>En cas que l\u2019avaluaci\u00f3 de danys i incid\u00e8ncies estableixi la necessitat d\u2019iniciar algun tipus d\u2019intervenci\u00f3, encarregar un estudi a experts en mat\u00e8ria de control de fauna salvatge per a determinar el cens actual de senglars, con\u00e8ixer la capacitat de c\u00e0rrega de l\u2019ecosistema i dissenyar un pla d\u2019actuaci\u00f3 basat en m\u00e8todes \u00e8tics.<\/li><\/ol>\n","protected":false},"excerpt":{"rendered":"<p>&#8212;&gt; Recollida de signatures aqu\u00ed &lt;&#8212; A l\u2019associaci\u00f3 \u00e0nimaL ens hem assabentat per diferents mitjans que l\u2019Ajuntament de Matar\u00f3 est\u00e0 duent a terme una campanya de captura i mort de senglars amb l\u2019objectiu de reduir les incid\u00e8ncies que \u00faltimament hi ha hagut amb aquests animals. Les incid\u00e8ncies inclouen danys a cultius, accidents de tr\u00e0nsit, conflictes &hellip; <a href=\"https:\/\/somanimaanimal.org\/cat\/2021\/05\/09\/demanem-aturar-les-morts-de-senglars-a-la-ciutat-de-mataro\/\" class=\"more-link\">Continua la lectura de <span class=\"screen-reader-text\">Demanem aturar les morts de senglars a la ciutat de Matar\u00f3<\/span> <span class=\"meta-nav\">&rarr;<\/span><\/a><\/p>\n","protected":false},"author":1,"featured_media":0,"comment_status":"closed","ping_status":"closed","sticky":false,"template":"","format":"standard","meta":{"footnotes":""},"categories":[1],"tags":[],"class_list":["post-1022","post","type-post","status-publish","format-standard","hentry","category-general"],"_links":{"self":[{"href":"https:\/\/somanimaanimal.org\/cat\/wp-json\/wp\/v2\/posts\/1022","targetHints":{"allow":["GET"]}}],"collection":[{"href":"https:\/\/somanimaanimal.org\/cat\/wp-json\/wp\/v2\/posts"}],"about":[{"href":"https:\/\/somanimaanimal.org\/cat\/wp-json\/wp\/v2\/types\/post"}],"author":[{"embeddable":true,"href":"https:\/\/somanimaanimal.org\/cat\/wp-json\/wp\/v2\/users\/1"}],"replies":[{"embeddable":true,"href":"https:\/\/somanimaanimal.org\/cat\/wp-json\/wp\/v2\/comments?post=1022"}],"version-history":[{"count":4,"href":"https:\/\/somanimaanimal.org\/cat\/wp-json\/wp\/v2\/posts\/1022\/revisions"}],"predecessor-version":[{"id":1100,"href":"https:\/\/somanimaanimal.org\/cat\/wp-json\/wp\/v2\/posts\/1022\/revisions\/1100"}],"wp:attachment":[{"href":"https:\/\/somanimaanimal.org\/cat\/wp-json\/wp\/v2\/media?parent=1022"}],"wp:term":[{"taxonomy":"category","embeddable":true,"href":"https:\/\/somanimaanimal.org\/cat\/wp-json\/wp\/v2\/categories?post=1022"},{"taxonomy":"post_tag","embeddable":true,"href":"https:\/\/somanimaanimal.org\/cat\/wp-json\/wp\/v2\/tags?post=1022"}],"curies":[{"name":"wp","href":"https:\/\/api.w.org\/{rel}","templated":true}]}}